{"id":5562,"date":"2024-08-07T14:45:20","date_gmt":"2024-08-07T13:45:20","guid":{"rendered":"https:\/\/www.wagnerverlag.at\/content\/?p=5562"},"modified":"2024-08-07T14:45:20","modified_gmt":"2024-08-07T13:45:20","slug":"neuer-tagungsband-des-oest-pastoralinstituts-erschienen","status":"publish","type":"post","link":"https:\/\/www.wagnerverlag.at\/content\/?p=5562","title":{"rendered":"Neuer Tagungsband des \u00d6st. Pastoralinstituts erschienen"},"content":{"rendered":"<p>Nach langj\u00e4hriger Zusammenarbeit ist heuer der Tagungsband zu den j\u00e4hrlichen Pastoraltagungen zum letzten mal im Wagner Verlag erschienen. Der Verlag &#8222;R3&#8220; von Bernhard Kagerer wird k\u00fcnftig die Publikation betreuen. Der Wagner Verlag dankt f\u00fcr die gute Zusammenarbeit und w\u00fcnscht sowohl den \u00d6sterreichischen Pastoraltagungen als auch dem \u00d6sterreichischen Pastoralinstitut unter der Leitung von Fr. Mag.a Gabriele Eder-Cakl alles Gute.<\/p>\n","protected":false},"excerpt":{"rendered":"<p>Nach langj\u00e4hriger Zusammenarbeit ist heuer der Tagungsband zu den j\u00e4hrlichen Pastoraltagungen zum letzten mal im Wagner Verlag erschienen. Der Verlag &#8222;R3&#8220; von Bernhard Kagerer wird k\u00fcnftig die Publikation betreuen. Der Wagner Verlag dankt f\u00fcr die gute Zusammenarbeit und w\u00fcnscht sowohl den \u00d6sterreichischen Pastoraltagungen als auch dem \u00d6sterreichischen Pastoralinstitut unter der Leitung von Fr. Mag.a Gabriele Eder-Cakl alles Gute.<\/p>\n","protected":false},"author":1,"featured_media":5563,"comment_status":"closed","ping_status":"closed","sticky":false,"template":"","format":"standard","meta":{"pgc_meta":"","kia_subtitle":"","footnotes":""},"categories":[1],"tags":[],"acf":[],"_links":{"self":[{"href":"https:\/\/www.wagnerverlag.at\/content\/index.php?rest_route=\/wp\/v2\/posts\/5562"}],"collection":[{"href":"https:\/\/www.wagnerverlag.at\/content\/index.php?rest_route=\/wp\/v2\/posts"}],"about":[{"href":"https:\/\/www.wagnerverlag.at\/content\/index.php?rest_route=\/wp\/v2\/types\/post"}],"author":[{"embeddable":true,"href":"https:\/\/www.wagnerverlag.at\/content\/index.php?rest_route=\/wp\/v2\/users\/1"}],"replies":[{"embeddable":true,"href":"https:\/\/www.wagnerverlag.at\/content\/index.php?rest_route=%2Fwp%2Fv2%2Fcomments&post=5562"}],"version-history":[{"count":2,"href":"https:\/\/www.wagnerverlag.at\/content\/index.php?rest_route=\/wp\/v2\/posts\/5562\/revisions"}],"predecessor-version":[{"id":5565,"href":"https:\/\/www.wagnerverlag.at\/content\/index.php?rest_route=\/wp\/v2\/posts\/5562\/revisions\/5565"}],"wp:featuredmedia":[{"embeddable":true,"href":"https:\/\/www.wagnerverlag.at\/content\/index.php?rest_route=\/wp\/v2\/media\/5563"}],"wp:attachment":[{"href":"https:\/\/www.wagnerverlag.at\/content\/index.php?rest_route=%2Fwp%2Fv2%2Fmedia&parent=5562"}],"wp:term":[{"taxonomy":"category","embeddable":true,"href":"https:\/\/www.wagnerverlag.at\/content\/index.php?rest_route=%2Fwp%2Fv2%2Fcategories&post=5562"},{"taxonomy":"post_tag","embeddable":true,"href":"https:\/\/www.wagnerverlag.at\/content\/index.php?rest_route=%2Fwp%2Fv2%2Ftags&post=5562"}],"curies":[{"name":"wp","href":"https:\/\/api.w.org\/{rel}","templated":true}]}}