{"id":5531,"date":"2024-06-01T13:56:45","date_gmt":"2024-06-01T12:56:45","guid":{"rendered":"https:\/\/www.wagnerverlag.at\/content\/?p=5531"},"modified":"2024-06-25T16:09:12","modified_gmt":"2024-06-25T15:09:12","slug":"lang-erwartete-biografie-matthias-spanlang","status":"publish","type":"post","link":"https:\/\/www.wagnerverlag.at\/content\/?p=5531","title":{"rendered":"Lange erwartete Biografie Matthias Spanlang"},"content":{"rendered":"<p>Pressebericht Buchpr\u00e4sentation 20. Juni 2024, Priesterseminar Linz<\/p>\n<p>Monika W\u00fcrthinger: \u201e<strong>Politisch leider sehr interessiert\u201c. Matthias Spanlang (+1940 KZ Buchenwald) \u00a0&#8211; Dokumentation eines Priesterlebens, <\/strong>hrsg. vom Di\u00f6zesanarchiv Linz, Wagner Verlag 2024<\/p>\n<p>Bischofsvikar Willi Vieb\u00f6ck dankte zur Er\u00f6ffnung der Autorin Dr. Monika W\u00fcrthinger im Namen von Di\u00f6zesanbischof Manfred Scheuer f\u00fcr ihre M\u00fche, das Leben von Matthias Spanlang zu erforschen und dokumentieren. Vieb\u00f6ck erinnerte daran, dass der Impuls f\u00fcr die Di\u00f6zese Linz, sich mit Pfarrer Spanlang zu besch\u00e4ftigen, von der Pfarre Herz Jesu in Weimar (D) kam. Er nahm im Jahr 2015 als Vertreter der Di\u00f6zese in Buchenwald am Gedenken zum 75. Todestag der Pfarrer Otto Neururer und Matthias Spanlang teil. Beide wurden wegendesselben \u201eVergehens\u201c Ende Mai bzw. Anfang Juni 1940 zu Tode gefoltert, weil sie im Lager als Seelsorger t\u00e4tig waren.\u00a0 W\u00e4hrend der Tiroler Neururer bereits 1996 selig gesprochen wurde, wurde Spanlang kaum beachtet. Das sollte sich beginnend mit der Feier in Weimar nach und nach \u00e4ndern. Die wissenschaftlich fundierte Arbeit von W\u00fcrthinger bildet nun eine Basis f\u00fcr weitere Formen der Besch\u00e4ftigung mit dem Martyrer Spanlang.<\/p>\n<p>F\u00fcr Bischof emeritus Maximilian Aichern ist Spanlang ein untr\u00fcgliches Zeichen im Einsatz f\u00fcr Gerechtigkeit und eine friedvolle Gesellschaft: \u201eGebe uns Gott auch heute Menschen wie Spanlang, der uns an unsere Aufgabe, den Einsatz f\u00fcr Gerechtigkeit und Frieden, erinnert.\u201c<\/p>\n<p>Klaus Birngruber, Direktor des Di\u00f6zesanarchivs und Herausgeber der biografischen Dokumentation \u00fcber Pfarrer Matthias Spanlang erkl\u00e4rt bei der Pr\u00e4sentation des Buches: \u201eHistorische Grundlagenarbeit ist eine unverzichtbare Basis f\u00fcr das Erkennen von Kontexten und historischen Zusammenh\u00e4ngen. Gerade am Beispiel der Geschichte und Rezeption von Matthias Spanlang zeigt sich, dass man zu einer offenen, reflektierten Erinnerungskultur gelangen kann.\u201c<\/p>\n<p>Christine Herzog von der Pfarre Herz Jesu Weimar, in deren Pfarrgebiet das KZ Buchenwald im Pfarrgebiet der Pfarre Herz Jesu von Weimar liegt, war Gast bei der Pr\u00e4sentation. Die Pfarre sieht es als ihren Auftrag das Gedenken an die KZ-Opfer wach zu halten. Herzog bezeichnete Pfarrer Matthias Spanlang als Martyrer der Freiheit und nahm auf den Brief des Apostels Paulus an die R\u00f6mer (R\u00f6m 8,21) Bezug, demzufolge die Sch\u00f6pfung frei werden wird von der Knechtschaft der Verg\u00e4nglichkeit hin zur Freiheit der Kinder Gottes. Aber das elende Sterben im KZ d\u00fcrfe nicht glorifiziert werden, betonte Herzog: \u201eEs findet keinen Sinn, ein solcher kann auch nicht nachtr\u00e4glich gestiftet werden. Dieses sinnlose Sterben gilt es auszuhalten, anstatt es nachtr\u00e4glich durch eine wie immer geartete Sinngebung zu versch\u00f6nern, nur weil es uns Nachgeborene ein wenig erleichtert. Das Gedenken an M\u00e4rtyrer muss zutiefst schmerzhaft bleiben, sonst bleibt es wenig glaubw\u00fcrdig und generiert keine Konsequenzen f\u00fcr die Gegenwart.\u201c<\/p>\n<p>Die Autorin des Buches, Dr. Monika W\u00fcrthinger, hob bei der Buchpr\u00e4sentation einige Besonderheiten aus Spanlangs Leben hervor. Dazu geh\u00f6rt f\u00fcr den urspr\u00fcnglich \u00fcberaus deutschnational gesinnten Pfarrer eine radikale Umkehr seiner Einstellung, als er zu Beginn der 1930-iger Jahre sich mit dem aufstrebenden Nationalsozialismus zu besch\u00e4ftigen begann und fortan einen Anschluss an Deutschland kategorisch ablehnte. Anl\u00e4sslich der ersten Versammlung von Nationalsozialisten im Jahr 1931 in seiner Pfarre St. Martin schrieb er: \u201e\u2026 dann wird ein Ende mit Schrecken kommen und das irregeleitete Volk wird bemerken, dass auf Scherben kein Weizen w\u00e4chst.\u201c<\/p>\n","protected":false},"excerpt":{"rendered":"<p>Pressebericht Buchpr\u00e4sentation 20. Juni 2024, Priesterseminar Linz Monika W\u00fcrthinger: \u201ePolitisch leider sehr interessiert\u201c. Matthias Spanlang (+1940 KZ Buchenwald) \u00a0&#8211; Dokumentation eines Priesterlebens, hrsg. vom Di\u00f6zesanarchiv Linz, Wagner Verlag 2024 Bischofsvikar Willi Vieb\u00f6ck dankte zur Er\u00f6ffnung der Autorin Dr. Monika W\u00fcrthinger im Namen von Di\u00f6zesanbischof Manfred Scheuer f\u00fcr ihre M\u00fche, das Leben von Matthias Spanlang zu erforschen und dokumentieren. Vieb\u00f6ck erinnerte daran, dass der Impuls f\u00fcr die Di\u00f6zese Linz, sich mit Pfarrer Spanlang zu besch\u00e4ftigen, von&hellip;<\/p>\n","protected":false},"author":1,"featured_media":5543,"comment_status":"closed","ping_status":"closed","sticky":false,"template":"","format":"standard","meta":{"pgc_meta":"","kia_subtitle":"","footnotes":""},"categories":[1],"tags":[],"acf":[],"_links":{"self":[{"href":"https:\/\/www.wagnerverlag.at\/content\/index.php?rest_route=\/wp\/v2\/posts\/5531"}],"collection":[{"href":"https:\/\/www.wagnerverlag.at\/content\/index.php?rest_route=\/wp\/v2\/posts"}],"about":[{"href":"https:\/\/www.wagnerverlag.at\/content\/index.php?rest_route=\/wp\/v2\/types\/post"}],"author":[{"embeddable":true,"href":"https:\/\/www.wagnerverlag.at\/content\/index.php?rest_route=\/wp\/v2\/users\/1"}],"replies":[{"embeddable":true,"href":"https:\/\/www.wagnerverlag.at\/content\/index.php?rest_route=%2Fwp%2Fv2%2Fcomments&post=5531"}],"version-history":[{"count":3,"href":"https:\/\/www.wagnerverlag.at\/content\/index.php?rest_route=\/wp\/v2\/posts\/5531\/revisions"}],"predecessor-version":[{"id":5544,"href":"https:\/\/www.wagnerverlag.at\/content\/index.php?rest_route=\/wp\/v2\/posts\/5531\/revisions\/5544"}],"wp:featuredmedia":[{"embeddable":true,"href":"https:\/\/www.wagnerverlag.at\/content\/index.php?rest_route=\/wp\/v2\/media\/5543"}],"wp:attachment":[{"href":"https:\/\/www.wagnerverlag.at\/content\/index.php?rest_route=%2Fwp%2Fv2%2Fmedia&parent=5531"}],"wp:term":[{"taxonomy":"category","embeddable":true,"href":"https:\/\/www.wagnerverlag.at\/content\/index.php?rest_route=%2Fwp%2Fv2%2Fcategories&post=5531"},{"taxonomy":"post_tag","embeddable":true,"href":"https:\/\/www.wagnerverlag.at\/content\/index.php?rest_route=%2Fwp%2Fv2%2Ftags&post=5531"}],"curies":[{"name":"wp","href":"https:\/\/api.w.org\/{rel}","templated":true}]}}