{"id":5521,"date":"2024-05-14T13:28:09","date_gmt":"2024-05-14T12:28:09","guid":{"rendered":"https:\/\/www.wagnerverlag.at\/content\/?p=5521"},"modified":"2024-06-01T13:51:59","modified_gmt":"2024-06-01T12:51:59","slug":"festschrift-100-jahre-mariendom","status":"publish","type":"post","link":"https:\/\/www.wagnerverlag.at\/content\/?p=5521","title":{"rendered":"Festschrift 100 Jahre Mariendom pr\u00e4sentiert"},"content":{"rendered":"<p>Am 26. April wurde im neuen Domcenter die Festschrift 100 Jahre Mariendom der \u00d6ffentlichkeit pr\u00e4sentiert. 31 Autorinnen und Autoren haben Beitr\u00e4ge f\u00fcr\u00a0 den Festband verfasst, der den Dom als Ort des Glaubens und Feierns, als Ort des H\u00f6rens, des Schauens, als (ewige) Baustelle und als Dom f\u00fcr Stadt und Land vorstellt.\u00a0 Starke Bilder \u00fcber den Dom vertiefen die Lekt\u00fcre. Der Mariendom Linz &#8211; eine Bischofskirche im Fokus von Glaube, Gesellschaft, Kunst und Kultur. Die Festschrift ist im Domcenter und im Buchhandel erh\u00e4ltlich.<\/p>\n<p>Gleichzeitig mit der Festschrift erschien unter dem Titel &#8222;Der Linzer Mariendom&#8220; ein Sonderband der Zeitschrift f\u00fcr Kunst und Denkmalpflege (2023, Heft 2).<\/p>\n","protected":false},"excerpt":{"rendered":"<p>Am 26. April wurde im neuen Domcenter die Festschrift 100 Jahre Mariendom der \u00d6ffentlichkeit pr\u00e4sentiert. 31 Autorinnen und Autoren haben Beitr\u00e4ge f\u00fcr\u00a0 den Festband verfasst, der den Dom als Ort des Glaubens und Feierns, als Ort des H\u00f6rens, des Schauens, als (ewige) Baustelle und als Dom f\u00fcr Stadt und Land vorstellt.\u00a0 Starke Bilder \u00fcber den Dom vertiefen die Lekt\u00fcre. Der Mariendom Linz &#8211; eine Bischofskirche im Fokus von Glaube, Gesellschaft, Kunst und Kultur. Die Festschrift&hellip;<\/p>\n","protected":false},"author":1,"featured_media":5522,"comment_status":"closed","ping_status":"closed","sticky":false,"template":"","format":"standard","meta":{"pgc_meta":"","kia_subtitle":"","footnotes":""},"categories":[1],"tags":[],"acf":[],"_links":{"self":[{"href":"https:\/\/www.wagnerverlag.at\/content\/index.php?rest_route=\/wp\/v2\/posts\/5521"}],"collection":[{"href":"https:\/\/www.wagnerverlag.at\/content\/index.php?rest_route=\/wp\/v2\/posts"}],"about":[{"href":"https:\/\/www.wagnerverlag.at\/content\/index.php?rest_route=\/wp\/v2\/types\/post"}],"author":[{"embeddable":true,"href":"https:\/\/www.wagnerverlag.at\/content\/index.php?rest_route=\/wp\/v2\/users\/1"}],"replies":[{"embeddable":true,"href":"https:\/\/www.wagnerverlag.at\/content\/index.php?rest_route=%2Fwp%2Fv2%2Fcomments&post=5521"}],"version-history":[{"count":2,"href":"https:\/\/www.wagnerverlag.at\/content\/index.php?rest_route=\/wp\/v2\/posts\/5521\/revisions"}],"predecessor-version":[{"id":5530,"href":"https:\/\/www.wagnerverlag.at\/content\/index.php?rest_route=\/wp\/v2\/posts\/5521\/revisions\/5530"}],"wp:featuredmedia":[{"embeddable":true,"href":"https:\/\/www.wagnerverlag.at\/content\/index.php?rest_route=\/wp\/v2\/media\/5522"}],"wp:attachment":[{"href":"https:\/\/www.wagnerverlag.at\/content\/index.php?rest_route=%2Fwp%2Fv2%2Fmedia&parent=5521"}],"wp:term":[{"taxonomy":"category","embeddable":true,"href":"https:\/\/www.wagnerverlag.at\/content\/index.php?rest_route=%2Fwp%2Fv2%2Fcategories&post=5521"},{"taxonomy":"post_tag","embeddable":true,"href":"https:\/\/www.wagnerverlag.at\/content\/index.php?rest_route=%2Fwp%2Fv2%2Ftags&post=5521"}],"curies":[{"name":"wp","href":"https:\/\/api.w.org\/{rel}","templated":true}]}}