{"id":5500,"date":"2024-03-22T16:21:25","date_gmt":"2024-03-22T15:21:25","guid":{"rendered":"https:\/\/www.wagnerverlag.at\/content\/?p=5500"},"modified":"2024-03-22T16:26:57","modified_gmt":"2024-03-22T15:26:57","slug":"ein-bischof-fuer-die-welt","status":"publish","type":"post","link":"https:\/\/www.wagnerverlag.at\/content\/?p=5500","title":{"rendered":"Ein Bischof f\u00fcr die Welt"},"content":{"rendered":"<p>Mit einem Gedenkgottesdienst zum 100. Geburtstag von Erzbischof Dr. Alois Wagner (1924 &#8211; 2002) begann am 19. M\u00e4rz im Priesterseminar die Vorstellung der Neuerscheinung zu diesem Anlass mit dem Titel &#8222;Ein Bischof f\u00fcr die Welt&#8220;. Mehr als 140 Personen, darunter eine noch lebende leibliche Schwester sowie ehemalige Mitarbeiter und Weggef\u00e4hrten Wagners aus ganz \u00d6sterreich waren der Einladung zur Pr\u00e4sentation gefolgt. Bischof Manfred Scheuer und Altbischof Maximilian Aichern w\u00fcrdigten den einstigen Linzer Weihbischof, der mit Elan die Umsetzung des Zweiten Vatikanischen Konzils (v.a. bei der Linzer Di\u00f6zesansynode 1970-1972) vorantrieb und\u00a0 der 1981 \u00fcberraschenderweise nicht zum Linzer Bischof , sondern zum Vizepr\u00e4sidenten von\u00a0 &#8222;Cor Unum&#8220; in Rom berufen wurde der dort dann die Anliegen der Weltmission und der Entwicklungsarbeit verfolgte.<\/p>\n","protected":false},"excerpt":{"rendered":"<p>Mit einem Gedenkgottesdienst zum 100. Geburtstag von Erzbischof Dr. Alois Wagner (1924 &#8211; 2002) begann am 19. M\u00e4rz im Priesterseminar die Vorstellung der Neuerscheinung zu diesem Anlass mit dem Titel &#8222;Ein Bischof f\u00fcr die Welt&#8220;. Mehr als 140 Personen, darunter eine noch lebende leibliche Schwester sowie ehemalige Mitarbeiter und Weggef\u00e4hrten Wagners aus ganz \u00d6sterreich waren der Einladung zur Pr\u00e4sentation gefolgt. Bischof Manfred Scheuer und Altbischof Maximilian Aichern w\u00fcrdigten den einstigen Linzer Weihbischof, der mit Elan&hellip;<\/p>\n","protected":false},"author":1,"featured_media":5501,"comment_status":"closed","ping_status":"closed","sticky":false,"template":"","format":"standard","meta":{"pgc_meta":"","kia_subtitle":"Buchpr\u00e4sentation 19. M\u00e4rz 2024","footnotes":""},"categories":[1],"tags":[],"acf":[],"_links":{"self":[{"href":"https:\/\/www.wagnerverlag.at\/content\/index.php?rest_route=\/wp\/v2\/posts\/5500"}],"collection":[{"href":"https:\/\/www.wagnerverlag.at\/content\/index.php?rest_route=\/wp\/v2\/posts"}],"about":[{"href":"https:\/\/www.wagnerverlag.at\/content\/index.php?rest_route=\/wp\/v2\/types\/post"}],"author":[{"embeddable":true,"href":"https:\/\/www.wagnerverlag.at\/content\/index.php?rest_route=\/wp\/v2\/users\/1"}],"replies":[{"embeddable":true,"href":"https:\/\/www.wagnerverlag.at\/content\/index.php?rest_route=%2Fwp%2Fv2%2Fcomments&post=5500"}],"version-history":[{"count":3,"href":"https:\/\/www.wagnerverlag.at\/content\/index.php?rest_route=\/wp\/v2\/posts\/5500\/revisions"}],"predecessor-version":[{"id":5504,"href":"https:\/\/www.wagnerverlag.at\/content\/index.php?rest_route=\/wp\/v2\/posts\/5500\/revisions\/5504"}],"wp:featuredmedia":[{"embeddable":true,"href":"https:\/\/www.wagnerverlag.at\/content\/index.php?rest_route=\/wp\/v2\/media\/5501"}],"wp:attachment":[{"href":"https:\/\/www.wagnerverlag.at\/content\/index.php?rest_route=%2Fwp%2Fv2%2Fmedia&parent=5500"}],"wp:term":[{"taxonomy":"category","embeddable":true,"href":"https:\/\/www.wagnerverlag.at\/content\/index.php?rest_route=%2Fwp%2Fv2%2Fcategories&post=5500"},{"taxonomy":"post_tag","embeddable":true,"href":"https:\/\/www.wagnerverlag.at\/content\/index.php?rest_route=%2Fwp%2Fv2%2Ftags&post=5500"}],"curies":[{"name":"wp","href":"https:\/\/api.w.org\/{rel}","templated":true}]}}