{"id":5442,"date":"2023-10-16T12:49:45","date_gmt":"2023-10-16T11:49:45","guid":{"rendered":"https:\/\/www.wagnerverlag.at\/content\/?p=5442"},"modified":"2023-11-02T15:10:11","modified_gmt":"2023-11-02T14:10:11","slug":"buchpraesentation-in-neustadtl-a-d-d","status":"publish","type":"post","link":"https:\/\/www.wagnerverlag.at\/content\/?p=5442","title":{"rendered":"Buch \u00fcber Luegerkapelle in Neustadtl a.d. D."},"content":{"rendered":"<p>Am 15. Oktober fand die Pr\u00e4sentation des Buchs &#8222;Die Luegerkapelle in Neustadtl an der Donau statt&#8220;. Im voll gef\u00fcllten Jakobussaal in Neustadtl referierte der Historiker Herbert Posch (Universit\u00e4t Wien)\u00a0 zum Thema &#8222;Denkm\u00e4ler&#8220; \u00fcber die komplexe Diskussion der Denkm\u00e4ler Luegers in Wien und wie darauf hin, dass fr\u00fcher errichtete Denkm\u00e4ler heute oft unbemerkt bleiben, dass sie durch eine Art Impr\u00e4gnierung vor der Alltagswahrnehmung verschlossen sind. Neue Thematisierungen bringen die Denkm\u00e4ler wieder zum Sprechen zu bringen lassen sie zum Instrument neuen Erinnerns werden.. Die Autorin, die aus der Region stammt, berichtete \u00fcber die Motive und \u00fcber die Fragen, die sie im Buch \u00fcber Luegers &#8222;Heimat&#8220; in Neustadtl behandelte. Ein lokales Bl\u00e4sreensemble &#8222;Optimus Brass&#8220; umrahmte die Veranstaltung musikalisch.<\/p>\n","protected":false},"excerpt":{"rendered":"<p>Am 15. Oktober fand die Pr\u00e4sentation des Buchs &#8222;Die Luegerkapelle in Neustadtl an der Donau statt&#8220;. Im voll gef\u00fcllten Jakobussaal in Neustadtl referierte der Historiker Herbert Posch (Universit\u00e4t Wien)\u00a0 zum Thema &#8222;Denkm\u00e4ler&#8220; \u00fcber die komplexe Diskussion der Denkm\u00e4ler Luegers in Wien und wie darauf hin, dass fr\u00fcher errichtete Denkm\u00e4ler heute oft unbemerkt bleiben, dass sie durch eine Art Impr\u00e4gnierung vor der Alltagswahrnehmung verschlossen sind. Neue Thematisierungen bringen die Denkm\u00e4ler wieder zum Sprechen zu bringen lassen&hellip;<\/p>\n","protected":false},"author":1,"featured_media":5460,"comment_status":"closed","ping_status":"closed","sticky":false,"template":"","format":"standard","meta":{"pgc_meta":"","kia_subtitle":"","footnotes":""},"categories":[1],"tags":[],"acf":[],"_links":{"self":[{"href":"https:\/\/www.wagnerverlag.at\/content\/index.php?rest_route=\/wp\/v2\/posts\/5442"}],"collection":[{"href":"https:\/\/www.wagnerverlag.at\/content\/index.php?rest_route=\/wp\/v2\/posts"}],"about":[{"href":"https:\/\/www.wagnerverlag.at\/content\/index.php?rest_route=\/wp\/v2\/types\/post"}],"author":[{"embeddable":true,"href":"https:\/\/www.wagnerverlag.at\/content\/index.php?rest_route=\/wp\/v2\/users\/1"}],"replies":[{"embeddable":true,"href":"https:\/\/www.wagnerverlag.at\/content\/index.php?rest_route=%2Fwp%2Fv2%2Fcomments&post=5442"}],"version-history":[{"count":2,"href":"https:\/\/www.wagnerverlag.at\/content\/index.php?rest_route=\/wp\/v2\/posts\/5442\/revisions"}],"predecessor-version":[{"id":5445,"href":"https:\/\/www.wagnerverlag.at\/content\/index.php?rest_route=\/wp\/v2\/posts\/5442\/revisions\/5445"}],"wp:featuredmedia":[{"embeddable":true,"href":"https:\/\/www.wagnerverlag.at\/content\/index.php?rest_route=\/wp\/v2\/media\/5460"}],"wp:attachment":[{"href":"https:\/\/www.wagnerverlag.at\/content\/index.php?rest_route=%2Fwp%2Fv2%2Fmedia&parent=5442"}],"wp:term":[{"taxonomy":"category","embeddable":true,"href":"https:\/\/www.wagnerverlag.at\/content\/index.php?rest_route=%2Fwp%2Fv2%2Fcategories&post=5442"},{"taxonomy":"post_tag","embeddable":true,"href":"https:\/\/www.wagnerverlag.at\/content\/index.php?rest_route=%2Fwp%2Fv2%2Ftags&post=5442"}],"curies":[{"name":"wp","href":"https:\/\/api.w.org\/{rel}","templated":true}]}}