{"id":5403,"date":"2023-06-19T09:04:53","date_gmt":"2023-06-19T08:04:53","guid":{"rendered":"http:\/\/www.wagnerverlag.at\/content\/?p=5403"},"modified":"2023-06-22T15:28:23","modified_gmt":"2023-06-22T14:28:23","slug":"festschrift-salvatorianer-praesentiert","status":"publish","type":"post","link":"https:\/\/www.wagnerverlag.at\/content\/?p=5403","title":{"rendered":"Festschrift Salvatorianer pr\u00e4sentiert"},"content":{"rendered":"<p>Am Samstag, 17. Juni 2023 wurde die Festschrift der \u00f6stereichischen Salvatorianer, &#8222;Erweckte Begeisterung&#8220;, in Anwesenheit zahlreicher Prominenz, allen voran der Generalobere P. Milton Zonta SDS und des Generalsekret\u00e4rs P. Agust\u00ecn Van Baelen SDS pr\u00e4sentiert. Das Buch, verfasst von 33 Autorinnen und Autoren, bietet auf 529 Seiten ein umfangreiches Panoptikum salvatorianischer Geschichte in \u00d6sterreich. Eine Auswahl von Autoren stellte ihre Beitr\u00e4ge beim Symposion vor. Erfreulicherweise f\u00fchrt das Buchprojekt zur historischen Sicherung des Erbes der Salvatorianer nun zur Gr\u00fcndung eines histoirschen Forschungsinstiutes der Salvatorianer, an dem die \u00f6sterreichische Provinz ma\u00dfgeblich beteiligt sein wird.<\/p>\n","protected":false},"excerpt":{"rendered":"<p>Am Samstag, 17. Juni 2023 wurde die Festschrift der \u00f6stereichischen Salvatorianer, &#8222;Erweckte Begeisterung&#8220;, in Anwesenheit zahlreicher Prominenz, allen voran der Generalobere P. Milton Zonta SDS und des Generalsekret\u00e4rs P. Agust\u00ecn Van Baelen SDS pr\u00e4sentiert. Das Buch, verfasst von 33 Autorinnen und Autoren, bietet auf 529 Seiten ein umfangreiches Panoptikum salvatorianischer Geschichte in \u00d6sterreich. Eine Auswahl von Autoren stellte ihre Beitr\u00e4ge beim Symposion vor. Erfreulicherweise f\u00fchrt das Buchprojekt zur historischen Sicherung des Erbes der Salvatorianer nun&hellip;<\/p>\n","protected":false},"author":1,"featured_media":5416,"comment_status":"closed","ping_status":"closed","sticky":false,"template":"","format":"standard","meta":{"pgc_meta":"","kia_subtitle":"100 Jahre \u00d6sterreichische Provinz","footnotes":""},"categories":[1],"tags":[],"acf":[],"_links":{"self":[{"href":"https:\/\/www.wagnerverlag.at\/content\/index.php?rest_route=\/wp\/v2\/posts\/5403"}],"collection":[{"href":"https:\/\/www.wagnerverlag.at\/content\/index.php?rest_route=\/wp\/v2\/posts"}],"about":[{"href":"https:\/\/www.wagnerverlag.at\/content\/index.php?rest_route=\/wp\/v2\/types\/post"}],"author":[{"embeddable":true,"href":"https:\/\/www.wagnerverlag.at\/content\/index.php?rest_route=\/wp\/v2\/users\/1"}],"replies":[{"embeddable":true,"href":"https:\/\/www.wagnerverlag.at\/content\/index.php?rest_route=%2Fwp%2Fv2%2Fcomments&post=5403"}],"version-history":[{"count":1,"href":"https:\/\/www.wagnerverlag.at\/content\/index.php?rest_route=\/wp\/v2\/posts\/5403\/revisions"}],"predecessor-version":[{"id":5405,"href":"https:\/\/www.wagnerverlag.at\/content\/index.php?rest_route=\/wp\/v2\/posts\/5403\/revisions\/5405"}],"wp:featuredmedia":[{"embeddable":true,"href":"https:\/\/www.wagnerverlag.at\/content\/index.php?rest_route=\/wp\/v2\/media\/5416"}],"wp:attachment":[{"href":"https:\/\/www.wagnerverlag.at\/content\/index.php?rest_route=%2Fwp%2Fv2%2Fmedia&parent=5403"}],"wp:term":[{"taxonomy":"category","embeddable":true,"href":"https:\/\/www.wagnerverlag.at\/content\/index.php?rest_route=%2Fwp%2Fv2%2Fcategories&post=5403"},{"taxonomy":"post_tag","embeddable":true,"href":"https:\/\/www.wagnerverlag.at\/content\/index.php?rest_route=%2Fwp%2Fv2%2Ftags&post=5403"}],"curies":[{"name":"wp","href":"https:\/\/api.w.org\/{rel}","templated":true}]}}