{"id":5384,"date":"2023-05-30T09:13:25","date_gmt":"2023-05-30T08:13:25","guid":{"rendered":"http:\/\/www.wagnerverlag.at\/content\/?p=5384"},"modified":"2023-05-30T13:45:41","modified_gmt":"2023-05-30T12:45:41","slug":"kirche-und-sozialdemokratie-in-oesterreich","status":"publish","type":"post","link":"https:\/\/www.wagnerverlag.at\/content\/?p=5384","title":{"rendered":"Kirche und Sozialdemokratie in \u00d6sterreich"},"content":{"rendered":"<p>Am 25. Mai 2023 fand in den R\u00e4umlichkeiten des Bundes Sozialdemokratischer Akademiker (BSA) in Salzburg ein Diskussionsabend zum Thema \u201eKatholische Kirche und Sozialdemokratie\u201c statt. Am Podium sa\u00dfen neben Univ.-Prof. DDr. Franz Gmainer-Pranzl (Theol. Fakult\u00e4t der Universit\u00e4t Salzburg) die Betriebsseelsorgerin Ulrike Hammerl (Steyr) und der Vorsitzende des Mauthausenkomitees Steyr, Mag. Karl Ramsmayr und Stadtr\u00e4tin Mag. Anja Hagenauer (SP\u00d6 Salzburg). Moderator des Abends war Mag. Josef Weilhartner, Landesvorsitzender des BSA Salzburg.<\/p>\n<p>Beginnend bei tiefen historischen Gr\u00e4ben aus der Ersten Republik bis zu den Tauwetterph\u00e4nomenen, wie dem Treffen von Bruno Kreisky und Kardinal K\u00f6nig in den 1970er-Jahren, dem Besuch Kardinal K\u00f6nigs beim \u00d6GB-Kongress sowie die gelungene Kooperationen im Engagement um den freien Sonntag usw. kamen verschiedene politische, aber auch pers\u00f6nliche Erfahrungen zur Sprache. Die Diskutanten waren sich aber einig,\u00a0 dass e s in j\u00fcngster Zeit die Distanz zwischen beiden Organisationen wieder verst\u00e4rkt hat. Eine kirchliche Selbstverpflichtung\u00a0 zur \u00c4quidistanz aus der Konzilszeit ist scheinbar einem neuen Naheverh\u00e4ltnis zur \u00d6VP gefolgt.\u00a0 Auch das Verh\u00e4ltnis der Kath. Kirche zur FP\u00d6 scheint zunehmend unklarer.<\/p>\n<p>Praxisbeispiele aus der Betriebsseelsorge machen Hoffnung, dass dort, wo Begegnung geschieht, auch eine Ann\u00e4herung und Respekt zwischen Sozialdemokraten und Katholiken m\u00f6glich ist. Hoffnung gibt auch, dass eine konstruktiv- kritische\u00a0 Mehrheit der Mitte, die es zweifellos gibt, die Gesellschaft und die Kirche offen halten kann. Eine besondere Note erhielt die Veranstaltung durch die Tatsache, dass sie am Abend vor der Pr\u00e4sentation der schwarz-blauen Koalition in Salzburg stattfand.<\/p>\n","protected":false},"excerpt":{"rendered":"<p>Am 25. Mai 2023 fand in den R\u00e4umlichkeiten des Bundes Sozialdemokratischer Akademiker (BSA) in Salzburg ein Diskussionsabend zum Thema \u201eKatholische Kirche und Sozialdemokratie\u201c statt. Am Podium sa\u00dfen neben Univ.-Prof. DDr. Franz Gmainer-Pranzl (Theol. Fakult\u00e4t der Universit\u00e4t Salzburg) die Betriebsseelsorgerin Ulrike Hammerl (Steyr) und der Vorsitzende des Mauthausenkomitees Steyr, Mag. Karl Ramsmayr und Stadtr\u00e4tin Mag. Anja Hagenauer (SP\u00d6 Salzburg). Moderator des Abends war Mag. Josef Weilhartner, Landesvorsitzender des BSA Salzburg. Beginnend bei tiefen historischen Gr\u00e4ben aus&hellip;<\/p>\n","protected":false},"author":1,"featured_media":5385,"comment_status":"closed","ping_status":"closed","sticky":false,"template":"","format":"standard","meta":{"pgc_meta":"","kia_subtitle":"Podiumsdiskussion","footnotes":""},"categories":[1],"tags":[],"acf":[],"_links":{"self":[{"href":"https:\/\/www.wagnerverlag.at\/content\/index.php?rest_route=\/wp\/v2\/posts\/5384"}],"collection":[{"href":"https:\/\/www.wagnerverlag.at\/content\/index.php?rest_route=\/wp\/v2\/posts"}],"about":[{"href":"https:\/\/www.wagnerverlag.at\/content\/index.php?rest_route=\/wp\/v2\/types\/post"}],"author":[{"embeddable":true,"href":"https:\/\/www.wagnerverlag.at\/content\/index.php?rest_route=\/wp\/v2\/users\/1"}],"replies":[{"embeddable":true,"href":"https:\/\/www.wagnerverlag.at\/content\/index.php?rest_route=%2Fwp%2Fv2%2Fcomments&post=5384"}],"version-history":[{"count":3,"href":"https:\/\/www.wagnerverlag.at\/content\/index.php?rest_route=\/wp\/v2\/posts\/5384\/revisions"}],"predecessor-version":[{"id":5393,"href":"https:\/\/www.wagnerverlag.at\/content\/index.php?rest_route=\/wp\/v2\/posts\/5384\/revisions\/5393"}],"wp:featuredmedia":[{"embeddable":true,"href":"https:\/\/www.wagnerverlag.at\/content\/index.php?rest_route=\/wp\/v2\/media\/5385"}],"wp:attachment":[{"href":"https:\/\/www.wagnerverlag.at\/content\/index.php?rest_route=%2Fwp%2Fv2%2Fmedia&parent=5384"}],"wp:term":[{"taxonomy":"category","embeddable":true,"href":"https:\/\/www.wagnerverlag.at\/content\/index.php?rest_route=%2Fwp%2Fv2%2Fcategories&post=5384"},{"taxonomy":"post_tag","embeddable":true,"href":"https:\/\/www.wagnerverlag.at\/content\/index.php?rest_route=%2Fwp%2Fv2%2Ftags&post=5384"}],"curies":[{"name":"wp","href":"https:\/\/api.w.org\/{rel}","templated":true}]}}