{"id":5149,"date":"2021-05-24T14:47:35","date_gmt":"2021-05-24T13:47:35","guid":{"rendered":"http:\/\/www.wagnerverlag.at\/content\/?p=5149"},"modified":"2021-05-24T14:47:35","modified_gmt":"2021-05-24T13:47:35","slug":"50-jahre-kaj-kongress-innsbruck","status":"publish","type":"post","link":"https:\/\/www.wagnerverlag.at\/content\/?p=5149","title":{"rendered":"50 Jahre KAJ-Kongress Innsbruck"},"content":{"rendered":"<p>Hans Riedler, Zeitzeuge des KAJ-Kongresses, erinnert in einer Aussendung an eine wichtiges zeitgeschichtliches Ereignis der \u00f6sterreichischen Kirche: <em>&#8222;Vor genau 50 Jahren &#8211; zu Pfingsten 1971 &#8211; versammelten sich in Innsbruck mehr als 4.000 junge Arbeiterinnen und junge Arbeiter beim KAJ-Kongress anl\u00e4sslich 25 Jahre KAJ in \u00d6sterreich. Am Pfingstsamstag wurde nach vorangegangenen intensiven internen Diskussionen in den einzelnen Di\u00f6zesen bei einem Delegiertentag ein Forderungsprogramm beschlossen. Am Pfingstsonntag feierten wir in der Eishalle mit Di\u00f6zesanbischof Paulus Rusch den Festgottesdienst und am Abend fand ebenfalls in der Eishalle eine Gro\u00dfveranstaltung mit einem vielf\u00e4ltigen Programm statt, das mit einer massiven Kritik an Bischof Rusch mit vielen Emotionen endete. Am Pfingstmontag marschierten wir in Form einer Gro\u00df-Demo durch die Stadt &#8211; mit vielen Forderungen auf Plakaten und Spruchb\u00e4ndern \u2013 und beendeten dieses Treffen in Anwesenheit von Bischof Rusch mit einer Schlusskundgebung incl. einer \u201eStellungnahme der Nationalleitung der KAJ\u00d6\u201c vor dem Landestheater.<\/em><\/p>\n<p>Literatur zu diesem nachhaltigen Ereignisse der \u00f6sterreichischen Kirchengeschichte in der 2. H\u00e4lfte des 20. Jahrhunderts:<\/p>\n<p>Franz X. Rohrhofer: <span style=\"font-size: 12pt;\">Die 68er in Ober\u00f6sterreich. <\/span><span style=\"font-size: 12pt;\">Oder: Die Lust an der Provokation, Linz: Trauner Verlag 2008, S. 176-181.<\/span><\/p>\n<p>Hans Riedler: Lebensl\u00e4nglich Aktivist. Engagiert f\u00fcr bessere Lebens-Chancen und soziale Gerechtigkeit, Linz: Wagner Verlag 2013, S. 40-45.<\/p>\n<p>Helmut Wagner: Arbeitswelt, Soziales und Diakonie. Drei Schwerpunkte einer Ortskirche am Beispiel der Di\u00f6zese Linz, Linz: Wagner Verlag 2016, S. 97-101.<\/p>\n<p>Josef Mayr, Hans Riedler, Helmut Wagner (Hgg.)\u00a0 &#8222;&#8230; mehr wert als alles Gold der Erde&#8220;. Anf\u00e4nge und Entwicklung der katholischen Arbeiter- und Abeiterinnenjugend in der Di\u00f6zese Linz, v.a S. 185-189.<\/p>\n<p>&nbsp;<\/p>\n","protected":false},"excerpt":{"rendered":"<p>Hans Riedler, Zeitzeuge des KAJ-Kongresses, erinnert in einer Aussendung an eine wichtiges zeitgeschichtliches Ereignis der \u00f6sterreichischen Kirche: &#8222;Vor genau 50 Jahren &#8211; zu Pfingsten 1971 &#8211; versammelten sich in Innsbruck mehr als 4.000 junge Arbeiterinnen und junge Arbeiter beim KAJ-Kongress anl\u00e4sslich 25 Jahre KAJ in \u00d6sterreich. Am Pfingstsamstag wurde nach vorangegangenen intensiven internen Diskussionen in den einzelnen Di\u00f6zesen bei einem Delegiertentag ein Forderungsprogramm beschlossen. Am Pfingstsonntag feierten wir in der Eishalle mit Di\u00f6zesanbischof Paulus Rusch&hellip;<\/p>\n","protected":false},"author":1,"featured_media":5150,"comment_status":"closed","ping_status":"closed","sticky":false,"template":"","format":"standard","meta":{"pgc_meta":"","kia_subtitle":"","footnotes":""},"categories":[1],"tags":[],"acf":[],"_links":{"self":[{"href":"https:\/\/www.wagnerverlag.at\/content\/index.php?rest_route=\/wp\/v2\/posts\/5149"}],"collection":[{"href":"https:\/\/www.wagnerverlag.at\/content\/index.php?rest_route=\/wp\/v2\/posts"}],"about":[{"href":"https:\/\/www.wagnerverlag.at\/content\/index.php?rest_route=\/wp\/v2\/types\/post"}],"author":[{"embeddable":true,"href":"https:\/\/www.wagnerverlag.at\/content\/index.php?rest_route=\/wp\/v2\/users\/1"}],"replies":[{"embeddable":true,"href":"https:\/\/www.wagnerverlag.at\/content\/index.php?rest_route=%2Fwp%2Fv2%2Fcomments&post=5149"}],"version-history":[{"count":1,"href":"https:\/\/www.wagnerverlag.at\/content\/index.php?rest_route=\/wp\/v2\/posts\/5149\/revisions"}],"predecessor-version":[{"id":5151,"href":"https:\/\/www.wagnerverlag.at\/content\/index.php?rest_route=\/wp\/v2\/posts\/5149\/revisions\/5151"}],"wp:featuredmedia":[{"embeddable":true,"href":"https:\/\/www.wagnerverlag.at\/content\/index.php?rest_route=\/wp\/v2\/media\/5150"}],"wp:attachment":[{"href":"https:\/\/www.wagnerverlag.at\/content\/index.php?rest_route=%2Fwp%2Fv2%2Fmedia&parent=5149"}],"wp:term":[{"taxonomy":"category","embeddable":true,"href":"https:\/\/www.wagnerverlag.at\/content\/index.php?rest_route=%2Fwp%2Fv2%2Fcategories&post=5149"},{"taxonomy":"post_tag","embeddable":true,"href":"https:\/\/www.wagnerverlag.at\/content\/index.php?rest_route=%2Fwp%2Fv2%2Ftags&post=5149"}],"curies":[{"name":"wp","href":"https:\/\/api.w.org\/{rel}","templated":true}]}}