{"id":5089,"date":"2020-12-29T12:03:35","date_gmt":"2020-12-29T11:03:35","guid":{"rendered":"http:\/\/www.wagnerverlag.at\/content\/?p=5089"},"modified":"2020-12-29T12:06:00","modified_gmt":"2020-12-29T11:06:00","slug":"dr-irmgard-aschbauer-verstorben","status":"publish","type":"post","link":"https:\/\/www.wagnerverlag.at\/content\/?p=5089","title":{"rendered":"Dr. Irmgard Aschbauer verstorben"},"content":{"rendered":"<p>Die Vorsitzende der \u00d6sterreichischen Lagergemeinschaft Irmgard Aschbauer erlag am 25. 12. 2020 im<br \/>\nKrankenhaus der Barmherzigen Schwestern in Linz ihrem schweren Krebsleiden.<\/p>\n<p>Die Vorsitzende der \u00d6sterreichischen Lagergemeinschaft Mauthausen<br \/>\n(\u00d6LM), Dr. Irmgard Aschbauer, wurde am 28. 6. 1944 in Gmunden<br \/>\ngeboren. In ihrer Familie wurde offen \u00fcber die Schrecken des<br \/>\nNationalsozialismus gesprochen, nicht zuletzt weil ihre Gro\u00dfmutter in<br \/>\nRoith bei Ebensee wohnte und Augenzeugin der Geschehnisse im dortigen<br \/>\nKZ war.<br \/>\nNach ihrem Studium begann die Historikerin 1973 als<br \/>\nDi\u00f6zesansekret\u00e4rin und Bildungsreferentin des Katholischen<br \/>\nAkademikerverbandes der Di\u00f6zese Linz, wo sie u. a. Mitinitiatorin der<br \/>\n&#8222;Begegnung in der Synagoge&#8220;, einer Gemeinschaftsveranstaltung mit der<br \/>\nIsraelitischen Kultusgemeinde wurde. 1989 trat sie als Vertreterin<br \/>\nder Katholischen Aktion O\u00d6 in den \u00d6LM-Vorstand ein und nach dem<br \/>\nAusscheiden der letzten Zeitzeugen \u00fcbernahm sie 2009 den Vorsitz.<br \/>\nSie war 1997 eine der treibenden Kr\u00e4fte bei der Gr\u00fcndung der<br \/>\nNachfolgeorganisation der \u00d6sterreichischen Lagergemeinschaft<br \/>\nMauthausen, dem Mauthausen Komitee \u00d6sterreich, wo sie bis zuletzt<br \/>\nengagiert und aktiv mitwirkte.<br \/>\nViele Jahre war sie die Hauptorganisatorin der \u00f6kumenischen<br \/>\nGottesdienste im Rahmen der allj\u00e4hrlichen Internationalen<br \/>\nBefreiungsfeiern in der KZ-Gedenkst\u00e4tte Mauthausen und wirkte<br \/>\ninhaltlich am j\u00e4hrlichen Gedenken mit. Ohne sie w\u00e4re es nicht m\u00f6glich<br \/>\ngewesen, dass mehr als 110 Gedenk- und Befreiungsfeiern im Netzwerk<br \/>\ndes MK\u00d6s stattfinden.<\/p>\n<p>Gek\u00fcrzter Text aus der Aussendung:<br \/>\nhttps:\/\/www.ots.at\/presseaussendung\/OTS_20201226_OTS0015<\/p>\n","protected":false},"excerpt":{"rendered":"<p>Die Vorsitzende der \u00d6sterreichischen Lagergemeinschaft Irmgard Aschbauer erlag am 25. 12. 2020 im Krankenhaus der Barmherzigen Schwestern in Linz ihrem schweren Krebsleiden. Die Vorsitzende der \u00d6sterreichischen Lagergemeinschaft Mauthausen (\u00d6LM), Dr. Irmgard Aschbauer, wurde am 28. 6. 1944 in Gmunden geboren. In ihrer Familie wurde offen \u00fcber die Schrecken des Nationalsozialismus gesprochen, nicht zuletzt weil ihre Gro\u00dfmutter in Roith bei Ebensee wohnte und Augenzeugin der Geschehnisse im dortigen KZ war. Nach ihrem Studium begann die Historikerin&hellip;<\/p>\n","protected":false},"author":1,"featured_media":5091,"comment_status":"closed","ping_status":"closed","sticky":false,"template":"","format":"standard","meta":{"pgc_meta":"","kia_subtitle":"","footnotes":""},"categories":[1],"tags":[],"acf":[],"_links":{"self":[{"href":"https:\/\/www.wagnerverlag.at\/content\/index.php?rest_route=\/wp\/v2\/posts\/5089"}],"collection":[{"href":"https:\/\/www.wagnerverlag.at\/content\/index.php?rest_route=\/wp\/v2\/posts"}],"about":[{"href":"https:\/\/www.wagnerverlag.at\/content\/index.php?rest_route=\/wp\/v2\/types\/post"}],"author":[{"embeddable":true,"href":"https:\/\/www.wagnerverlag.at\/content\/index.php?rest_route=\/wp\/v2\/users\/1"}],"replies":[{"embeddable":true,"href":"https:\/\/www.wagnerverlag.at\/content\/index.php?rest_route=%2Fwp%2Fv2%2Fcomments&post=5089"}],"version-history":[{"count":1,"href":"https:\/\/www.wagnerverlag.at\/content\/index.php?rest_route=\/wp\/v2\/posts\/5089\/revisions"}],"predecessor-version":[{"id":5090,"href":"https:\/\/www.wagnerverlag.at\/content\/index.php?rest_route=\/wp\/v2\/posts\/5089\/revisions\/5090"}],"wp:featuredmedia":[{"embeddable":true,"href":"https:\/\/www.wagnerverlag.at\/content\/index.php?rest_route=\/wp\/v2\/media\/5091"}],"wp:attachment":[{"href":"https:\/\/www.wagnerverlag.at\/content\/index.php?rest_route=%2Fwp%2Fv2%2Fmedia&parent=5089"}],"wp:term":[{"taxonomy":"category","embeddable":true,"href":"https:\/\/www.wagnerverlag.at\/content\/index.php?rest_route=%2Fwp%2Fv2%2Fcategories&post=5089"},{"taxonomy":"post_tag","embeddable":true,"href":"https:\/\/www.wagnerverlag.at\/content\/index.php?rest_route=%2Fwp%2Fv2%2Ftags&post=5089"}],"curies":[{"name":"wp","href":"https:\/\/api.w.org\/{rel}","templated":true}]}}