{"id":4923,"date":"2020-01-23T11:24:42","date_gmt":"2020-01-23T10:24:42","guid":{"rendered":"http:\/\/www.wagnerverlag.at\/content\/?p=4923"},"modified":"2020-01-23T11:28:00","modified_gmt":"2020-01-23T10:28:00","slug":"ein-verborgenes-leben-der-neue-jaegerstaetterfilm","status":"publish","type":"post","link":"https:\/\/www.wagnerverlag.at\/content\/?p=4923","title":{"rendered":"Ein verborgenes Leben &#8211; Der neue J\u00e4gerst\u00e4tterfilm"},"content":{"rendered":"<p>Der 173 Minuten dauernde Film zeigt in bewegenden und poetischen Bildern das Ringen des Landwirts und Familienvaters Franz J\u00e4gerst\u00e4tter (geboren am 20. Mai 1907 in St. Radegund) um die richtige Entscheidung aus dem Glauben in der NS-Zeit: Er liebt seine Frau Franziska und seine drei T\u00f6chter Rosalia (*1937), Maria (*1938) und Aloisia (*1940) \u00fcber alles, kann aber nicht gegen sein Gewissen handeln. Viele wollen J\u00e4gerst\u00e4tter davon \u00fcberzeugen, seinen Widerstand gegen das Nazi-Regime aufzugeben und im Krieg zu k\u00e4mpfen \u2013 von wohlmeinenden Freunden bis zum Dorfpfarrer, dargestellt von Tobias Moretti (\u201eUnseren Gott interessiert nicht, was du sagst, sondern nur, was du im Herzen tr\u00e4gst. Leg den Eid ab.\u201c). \u201eDenk an deine Familie. Dein Opfergang w\u00fcrde f\u00fcr niemanden gut sein\u201c, h\u00f6rt J\u00e4gerst\u00e4tter im Film immer wieder. Der B\u00fcrgermeister, gespielt von Karl Markovics, schleudert ihm wutentbrannt entgegen: \u201eDu bist ein Verr\u00e4ter!\u201c<\/p>\n<p>Im Film wirken neben Valerie Pachner und Karl Markovics zahlreiche weitere heimische Schauspielgr\u00f6\u00dfen mit, etwa Tobias Moretti (Pfarrer F\u00fcrthauer) und Sophie Rois. Die Rolle Franz J\u00e4gerst\u00e4tters \u00fcbernahm der deutsche Schauspieler August Diehl, der in Quentin Tarantinos Oscar-Film \u201eInglorious Basterds\u201c einen SS-Sturmbannf\u00fchrer mimte. Der im Februar 2019 verstorbene Bruno Ganz spielt einen NS-Richter. Gedreht wurde 2016 \u2013 damals noch unter dem Arbeitstitel \u201eRadegund\u201c \u2013 in S\u00fcdtirol (Brixen, Franzensfeste und Bergd\u00f6rfer in den Dolomiten), in den Filmstudios Babelsberg in Potsdam, in der osts\u00e4chsischen Kreisstadt Zittau und \u2013 im August 2016 \u2013auch zwei Tage lang im J\u00e4gerst\u00e4tter-Haus in St. Radegund. Der Film wurde bei den 72. Filmfestspielen in Cannes im Mai 2019 von der Jury mit dem \u201e\u00d6kumenischen Filmpreis\u201c ausgezeichnet.<\/p>\n","protected":false},"excerpt":{"rendered":"<p>Der 173 Minuten dauernde Film zeigt in bewegenden und poetischen Bildern das Ringen des Landwirts und Familienvaters Franz J\u00e4gerst\u00e4tter (geboren am 20. Mai 1907 in St. Radegund) um die richtige Entscheidung aus dem Glauben in der NS-Zeit: Er liebt seine Frau Franziska und seine drei T\u00f6chter Rosalia (*1937), Maria (*1938) und Aloisia (*1940) \u00fcber alles, kann aber nicht gegen sein Gewissen handeln. Viele wollen J\u00e4gerst\u00e4tter davon \u00fcberzeugen, seinen Widerstand gegen das Nazi-Regime aufzugeben und im&hellip;<\/p>\n","protected":false},"author":1,"featured_media":4925,"comment_status":"closed","ping_status":"closed","sticky":false,"template":"","format":"standard","meta":{"pgc_meta":"","kia_subtitle":"","footnotes":""},"categories":[1],"tags":[],"acf":[],"_links":{"self":[{"href":"https:\/\/www.wagnerverlag.at\/content\/index.php?rest_route=\/wp\/v2\/posts\/4923"}],"collection":[{"href":"https:\/\/www.wagnerverlag.at\/content\/index.php?rest_route=\/wp\/v2\/posts"}],"about":[{"href":"https:\/\/www.wagnerverlag.at\/content\/index.php?rest_route=\/wp\/v2\/types\/post"}],"author":[{"embeddable":true,"href":"https:\/\/www.wagnerverlag.at\/content\/index.php?rest_route=\/wp\/v2\/users\/1"}],"replies":[{"embeddable":true,"href":"https:\/\/www.wagnerverlag.at\/content\/index.php?rest_route=%2Fwp%2Fv2%2Fcomments&post=4923"}],"version-history":[{"count":1,"href":"https:\/\/www.wagnerverlag.at\/content\/index.php?rest_route=\/wp\/v2\/posts\/4923\/revisions"}],"predecessor-version":[{"id":4924,"href":"https:\/\/www.wagnerverlag.at\/content\/index.php?rest_route=\/wp\/v2\/posts\/4923\/revisions\/4924"}],"wp:featuredmedia":[{"embeddable":true,"href":"https:\/\/www.wagnerverlag.at\/content\/index.php?rest_route=\/wp\/v2\/media\/4925"}],"wp:attachment":[{"href":"https:\/\/www.wagnerverlag.at\/content\/index.php?rest_route=%2Fwp%2Fv2%2Fmedia&parent=4923"}],"wp:term":[{"taxonomy":"category","embeddable":true,"href":"https:\/\/www.wagnerverlag.at\/content\/index.php?rest_route=%2Fwp%2Fv2%2Fcategories&post=4923"},{"taxonomy":"post_tag","embeddable":true,"href":"https:\/\/www.wagnerverlag.at\/content\/index.php?rest_route=%2Fwp%2Fv2%2Ftags&post=4923"}],"curies":[{"name":"wp","href":"https:\/\/api.w.org\/{rel}","templated":true}]}}