{"id":4135,"date":"2016-03-09T11:25:45","date_gmt":"2016-03-09T10:25:45","guid":{"rendered":"http:\/\/www.wagnerverlag.at\/content\/?p=4135"},"modified":"2016-03-09T11:33:07","modified_gmt":"2016-03-09T10:33:07","slug":"ausstellung-herwig-zens-reisen-in-der-galerie-halle","status":"publish","type":"post","link":"https:\/\/www.wagnerverlag.at\/content\/?p=4135","title":{"rendered":"Ausstellung Herwig Zens &#8222;Reisen&#8220; in der GALERIE &#8211; halle"},"content":{"rendered":"<p style=\"text-align: justify;\"><span class=\"readonlyText multiple\">Herwig Zens ist eigentlich immer unterwegs. Wenn er nicht unterwegs ist, kommt er gerade von irgendwo her und f\u00e4hrt bald irgendwo hin. Wer jemals dabei war, wird best\u00e4tigen: anstrengend, aber anregend. Aber auch wer nicht mitreist, wird von ihm nicht vergessen. Zens ist ein unerm\u00fcdlicher Ansichtskartenschreiber und Reise-Mitbringsel-Mitbringer. Unterwegs zeichnet er in kleine und gr\u00f6\u00dfere Skizzenbl\u00f6cke, aquarelliert und fotografiert. Zur\u00fcck im Atelier wird dann radiert und gemalt.<br \/>\nEr war auch schon \u00fcberall, nennt man ihm einen Ort, erh\u00e4lt man ein Dutzend Tipps und ein halbes Dutzend Kontaktadressen und das auf einem handgezeichneten Plan dargestellt. Anl\u00e4sse zu reisen findet er immer: Exkursionen und deren Vorbereitung, Ausstellungen, welche besprochen, er\u00f6ffnet oder beliefert werden m\u00fcssen. Aber es reicht auch ein interessantes Museum, ein Totentanz in einer Kirche oder einzelnes (Goya-)Bild, um Anlass f\u00fcr eine weitere Reise zu bieten. Urlaub im klassischen Sinn macht er selten, in der Bretagne, in Kals am Gro\u00dfglockner. Waren es in den 60er bis 80er Jahren vorwiegend Reisen nach Frankreich, Italien und rund ums Mittelmeer, so zog er sp\u00e4ter immer weitere Kreise. Nur der Berg Athos als spiritueller Ruhepol war immer ein Fixpunkt und in den letzten Jahren Spanien, die Heimat Goyas und des Stierkampfs.<br \/>\nDoch auch, wenn er zwischendurch in Wien im Atelier ist, geht die Reise im Kopf weiter \u2013 in die antike Mythologie, auf den Spuren von Odysseus und der griechischen G\u00f6tter, in die Literatur und in die Bildwelten seiner K\u00fcnstlerkollegen, welche dann paraphrasiert werden. Und was passiert mit all dem, was Herwig Zens unterwegs in sich aufsaugt? Es flie\u00dft als Tusche durch die Feder, in Farbe als Aquarell aufs Papier und als Kohle- oder Pinselstrich auf die Leinwand. Es wird in Kupferplatten ge\u00e4tzt und als Radierung gedruckt.<br \/>\n(Johannes Scheer)<br \/>\n<\/span><\/p>\n<p style=\"text-align: justify;\">Die Ergebnisse seiner Arbeit k\u00f6nnen nun noch bis zum 1. April 2016 in der GALERIE &#8211; halle (Ottensheimerstra\u00dfe 70, 4040 Linz) im Rahmen der Ausstellung Herwig Zens &#8222;Reisen&#8220; bewundert werden.<\/p>\n<p style=\"text-align: justify;\">Im Wagner Verlag ist passend dazu das Buch <a href=\"https:\/\/www.wagnerverlag.at\/content\/?product=zens-reisen\">&#8222;Zens Reisen&#8220;<\/a>, herausgegeben von Johannes Scheer, erschienen.<\/p>\n","protected":false},"excerpt":{"rendered":"<p>Herwig Zens ist eigentlich immer unterwegs. Wenn er nicht unterwegs ist, kommt er gerade von irgendwo her und f\u00e4hrt bald irgendwo hin. Wer jemals dabei war, wird best\u00e4tigen: anstrengend, aber anregend. Aber auch wer nicht mitreist, wird von ihm nicht vergessen. Zens ist ein unerm\u00fcdlicher Ansichtskartenschreiber und Reise-Mitbringsel-Mitbringer. Unterwegs zeichnet er in kleine und gr\u00f6\u00dfere Skizzenbl\u00f6cke, aquarelliert und fotografiert. Zur\u00fcck im Atelier wird dann radiert und gemalt.<br \/>\nDie Ergebnisse seiner Arbeit k\u00f6nnen nun noch bis zum 1. April 2016 in der GALERIE &#8211; halle (Ottensheimerstra\u00dfe 70, 4040 Linz) im Rahmen der Ausstellung Herwig Zens &#8222;Reisen&#8220; bewundert werden.<\/p>\n","protected":false},"author":1,"featured_media":4137,"comment_status":"closed","ping_status":"closed","sticky":false,"template":"","format":"standard","meta":{"pgc_meta":"","kia_subtitle":"","footnotes":""},"categories":[150],"tags":[],"acf":[],"_links":{"self":[{"href":"https:\/\/www.wagnerverlag.at\/content\/index.php?rest_route=\/wp\/v2\/posts\/4135"}],"collection":[{"href":"https:\/\/www.wagnerverlag.at\/content\/index.php?rest_route=\/wp\/v2\/posts"}],"about":[{"href":"https:\/\/www.wagnerverlag.at\/content\/index.php?rest_route=\/wp\/v2\/types\/post"}],"author":[{"embeddable":true,"href":"https:\/\/www.wagnerverlag.at\/content\/index.php?rest_route=\/wp\/v2\/users\/1"}],"replies":[{"embeddable":true,"href":"https:\/\/www.wagnerverlag.at\/content\/index.php?rest_route=%2Fwp%2Fv2%2Fcomments&post=4135"}],"version-history":[{"count":6,"href":"https:\/\/www.wagnerverlag.at\/content\/index.php?rest_route=\/wp\/v2\/posts\/4135\/revisions"}],"predecessor-version":[{"id":4143,"href":"https:\/\/www.wagnerverlag.at\/content\/index.php?rest_route=\/wp\/v2\/posts\/4135\/revisions\/4143"}],"wp:featuredmedia":[{"embeddable":true,"href":"https:\/\/www.wagnerverlag.at\/content\/index.php?rest_route=\/wp\/v2\/media\/4137"}],"wp:attachment":[{"href":"https:\/\/www.wagnerverlag.at\/content\/index.php?rest_route=%2Fwp%2Fv2%2Fmedia&parent=4135"}],"wp:term":[{"taxonomy":"category","embeddable":true,"href":"https:\/\/www.wagnerverlag.at\/content\/index.php?rest_route=%2Fwp%2Fv2%2Fcategories&post=4135"},{"taxonomy":"post_tag","embeddable":true,"href":"https:\/\/www.wagnerverlag.at\/content\/index.php?rest_route=%2Fwp%2Fv2%2Ftags&post=4135"}],"curies":[{"name":"wp","href":"https:\/\/api.w.org\/{rel}","templated":true}]}}