{"id":3503,"date":"2016-01-18T10:32:20","date_gmt":"2016-01-18T09:32:20","guid":{"rendered":"http:\/\/www.wagnerverlag.at\/content\/?p=3503"},"modified":"2016-02-15T09:37:02","modified_gmt":"2016-02-15T08:37:02","slug":"buechertisch-bei-der-tagung-des-christlich-juedischen-komitees-oberoesterreich","status":"publish","type":"post","link":"https:\/\/www.wagnerverlag.at\/content\/?p=3503","title":{"rendered":"B\u00fcchertisch bei der Tagung des Christlich-j\u00fcdischen Komitees Ober\u00f6sterreich"},"content":{"rendered":"<p>&#8222;Tag des Judentums&#8220;<\/p>\n<p>Vortrag von Univ.-Prof. Dr. Albert Lichtblau (Uni Salzburg) zum Thema &#8222;R\u00fcckkehr oder Exil? &#8230; J\u00fcdische \u00dcberlebensgeschichten und die \u00f6sterreichische Nachkriegsgesellschaft&#8220;.<\/p>\n<p>Dienstag, 19. J\u00e4nner 2016, 19.30 Uhr<\/p>\n<p>Katholische Privatuniversit\u00e4t Linz, Bethlehemstra\u00dfe 20<\/p>\n<p>&nbsp;<\/p>\n","protected":false},"excerpt":{"rendered":"<p>&#8222;Tag des Judentums&#8220;<\/p>\n<p>Vortrag von Univ.-Prof. Dr. Albert Lichtblau (Uni Salzburg) zum Thema &#8222;R\u00fcckkehr oder Exil? &#8230; J\u00fcdische \u00dcberlebensgeschichten und die \u00f6sterreichische Nachkriegsgesellschaft&#8220;.<\/p>\n<p>Dienstag, 19. J\u00e4nner 2016, 19.30 Uhr<\/p>\n<p>Katholische Privatuniversit\u00e4t Linz, Bethlehemstra\u00dfe 20<\/p>\n","protected":false},"author":1,"featured_media":3910,"comment_status":"closed","ping_status":"closed","sticky":false,"template":"","format":"standard","meta":{"pgc_meta":"","kia_subtitle":"","footnotes":""},"categories":[150],"tags":[],"acf":[],"_links":{"self":[{"href":"https:\/\/www.wagnerverlag.at\/content\/index.php?rest_route=\/wp\/v2\/posts\/3503"}],"collection":[{"href":"https:\/\/www.wagnerverlag.at\/content\/index.php?rest_route=\/wp\/v2\/posts"}],"about":[{"href":"https:\/\/www.wagnerverlag.at\/content\/index.php?rest_route=\/wp\/v2\/types\/post"}],"author":[{"embeddable":true,"href":"https:\/\/www.wagnerverlag.at\/content\/index.php?rest_route=\/wp\/v2\/users\/1"}],"replies":[{"embeddable":true,"href":"https:\/\/www.wagnerverlag.at\/content\/index.php?rest_route=%2Fwp%2Fv2%2Fcomments&post=3503"}],"version-history":[{"count":2,"href":"https:\/\/www.wagnerverlag.at\/content\/index.php?rest_route=\/wp\/v2\/posts\/3503\/revisions"}],"predecessor-version":[{"id":3945,"href":"https:\/\/www.wagnerverlag.at\/content\/index.php?rest_route=\/wp\/v2\/posts\/3503\/revisions\/3945"}],"wp:featuredmedia":[{"embeddable":true,"href":"https:\/\/www.wagnerverlag.at\/content\/index.php?rest_route=\/wp\/v2\/media\/3910"}],"wp:attachment":[{"href":"https:\/\/www.wagnerverlag.at\/content\/index.php?rest_route=%2Fwp%2Fv2%2Fmedia&parent=3503"}],"wp:term":[{"taxonomy":"category","embeddable":true,"href":"https:\/\/www.wagnerverlag.at\/content\/index.php?rest_route=%2Fwp%2Fv2%2Fcategories&post=3503"},{"taxonomy":"post_tag","embeddable":true,"href":"https:\/\/www.wagnerverlag.at\/content\/index.php?rest_route=%2Fwp%2Fv2%2Ftags&post=3503"}],"curies":[{"name":"wp","href":"https:\/\/api.w.org\/{rel}","templated":true}]}}