{"id":3234,"date":"2015-11-18T10:29:53","date_gmt":"2015-11-18T09:29:53","guid":{"rendered":"http:\/\/www.wagnerverlag.at\/content\/?p=3234"},"modified":"2016-02-15T09:38:30","modified_gmt":"2016-02-15T08:38:30","slug":"verlagsreihe-geistliche-musik-im-stift-wilhering-in-planung","status":"publish","type":"post","link":"https:\/\/www.wagnerverlag.at\/content\/?p=3234","title":{"rendered":"Reihe &#8222;Geistliche Musik im Stift Wilhering&#8220; in Planung"},"content":{"rendered":"<div id=\"attachment_3239\" style=\"width: 191px\" class=\"wp-caption alignleft\"><a href=\"https:\/\/www.wagnerverlag.at\/content\/?attachment_id=3239\" rel=\"attachment wp-att-3239\"><img aria-describedby=\"caption-attachment-3239\" decoding=\"async\" loading=\"lazy\" class=\"wp-image-3239\" src=\"https:\/\/www.wagnerverlag.at\/content\/wp-content\/uploads\/2015\/11\/Pernsteiner-Portrait-aus-H\u00f6lzl.jpg.jpg\" alt=\"Pernsteiner Portrait aus H\u00f6lzl\" width=\"181\" height=\"293\" srcset=\"https:\/\/www.wagnerverlag.at\/content\/wp-content\/uploads\/2015\/11\/Pernsteiner-Portrait-aus-H\u00f6lzl.jpg.jpg 220w, https:\/\/www.wagnerverlag.at\/content\/wp-content\/uploads\/2015\/11\/Pernsteiner-Portrait-aus-H\u00f6lzl.jpg-185x300.jpg 185w\" sizes=\"(max-width: 181px) 100vw, 181px\" \/><\/a><p id=\"caption-attachment-3239\" class=\"wp-caption-text\">Mathias Pernsteiner<\/p><\/div>\n<p style=\"text-align: justify;\">In Zusammenarbeit mit dem Stift Wilhering und dessen Stiftsorganist und Musikarchivar Dr. Stefan Ikarus Kaiser, plant der Wagner Verlag eine musikalische Verlagsreihe mit dem Titel \u201cGeistliche Musik im Stift Wilhering\u201d herauszugeben. Ziel dieser Reihe ist die Edition von Musikwerken mit engem Bezug zu Wilhering. In der Regel wird es sich dabei um bisher nicht ver\u00f6ffentlichte Musikwerke aus dem reichhaltigen historischen Musikarchiv des Stiftes selbst handeln oder auch um Werke, die entweder direkt f\u00fcr die Musikpflege im Stift geschrieben worden sind oder deren Komponisten einen engen Bezug zum Stift Wilhering aufweisen.<\/p>\n<p style=\"text-align: justify;\">F\u00fcr den ersten Band wird bereits an der Edition einer gro\u00dfen Orchestermesse aus der Biedermeierzeit gearbeitet. Ihr Komponist Mathias Pernsteiner (1795-1851) wirkte in den Jahren 1822 und 1823 als Stiftsorganist in Wilhering, sp\u00e4ter ging er nach Salzburg und Tirol. Diese Messe, die sogenannte \u201cMissa posta in musica\u201d, mit gro\u00dfer Besetzung (Chor, Vokal- und Instrumentalsoli, Streicher, Blech- und Holzbl\u00e4ser und Orgel) wurde dem damaligen Wilheringer Abt Bruno Detterle pers\u00f6nlich gewidmet und ist bisher nicht ver\u00f6ffentlicht und aufgef\u00fchrt worden. Vom musikalischen Aspekt aus ist sie zweifelsohne qualitativ als bemerkenswert hohes Zeugnis f\u00fcr die \u00f6sterreichische Kirchenmusik der Schubert-Zeit einzustufen. Das Schaffen des zu Lebzeiten hoch gesch\u00e4tzten Komponisten, der eine Reihe von anderen Werken bei mehreren Verlagen publiziert hatte, verdient eine Wiederbelebung, die im \u00dcbrigen gegenw\u00e4rtig auch durch eine \u00e4hnliche Initiative seitens des Tiroler Landesmuseums durch einer Wiederauff\u00fchrung eines Pernsteiner-Oratoriums vorangetrieben wird.<\/p>\n<p style=\"text-align: justify;\">Die musikhistorische Bedeutung der \u201cMissa posta in musica\u201d spielt nicht nur f\u00fcr die Wilheringer, sondern auch f\u00fcr die ober\u00f6sterreichische Musikgeschichte eine erhebliche Rolle, da Abt Bruno zur selben Zeit zum Ehrenmitglied des damals neu gegr\u00fcndeten Linzer Musikvereins ernannt wurde und der neu eingerichteten Musikvereinsschule, dem Vorl\u00e4ufer des Bruckner-Konservatoriums bzw. der Anton Bruckner Privatuniversit\u00e4t, die ersten R\u00e4umlichkeiten im Wilheringer Stiftshaus in Linz zur Verf\u00fcgung stellte. Pernsteiner selbst sollte wiederum \u00e4hnliches w\u00e4hrend seiner sp\u00e4teren Wirkungszeit als Gr\u00fcnder einer Musikschule in Kufstein bewirken.<\/p>\n<p style=\"text-align: justify;\">Parallel zur gedruckten Ausgabe des Werkes, dessen Partitur etwa 160 Seiten umfassen wird, ist im n\u00e4chsten Jahr auch die Auff\u00fchrung der Messe im Rahmen des Hochamtes zum Christk\u00f6nigfest in der Stiftskirche Wilhering geplant.<\/p>\n","protected":false},"excerpt":{"rendered":"<p>In Zusammenarbeit mit dem Stift Wilhering und dessen Stiftsorganist und Musikarchivar Dr. Stefan Ikarus Kaiser, plant der Wagner Verlag eine musikalische Verlagsreihe mit dem Titel \u201cGeistliche Musik im Stift Wilhering\u201d herauszugeben. Ziel dieser Reihe ist die Edition von Musikwerken mit engem Bezug zu Wilhering. In der Regel wird es sich dabei um bisher nicht ver\u00f6ffentlichte Musikwerke aus dem reichhaltigen historischen Musikarchiv des Stiftes selbst handeln oder auch um Werke, die entweder direkt f\u00fcr die Musikpflege im Stift geschrieben worden sind oder deren Komponisten einen engen Bezug zum Stift Wilhering aufweisen.<\/p>\n","protected":false},"author":1,"featured_media":3239,"comment_status":"closed","ping_status":"closed","sticky":false,"template":"","format":"standard","meta":{"pgc_meta":"","kia_subtitle":"","footnotes":""},"categories":[149],"tags":[],"acf":[],"_links":{"self":[{"href":"https:\/\/www.wagnerverlag.at\/content\/index.php?rest_route=\/wp\/v2\/posts\/3234"}],"collection":[{"href":"https:\/\/www.wagnerverlag.at\/content\/index.php?rest_route=\/wp\/v2\/posts"}],"about":[{"href":"https:\/\/www.wagnerverlag.at\/content\/index.php?rest_route=\/wp\/v2\/types\/post"}],"author":[{"embeddable":true,"href":"https:\/\/www.wagnerverlag.at\/content\/index.php?rest_route=\/wp\/v2\/users\/1"}],"replies":[{"embeddable":true,"href":"https:\/\/www.wagnerverlag.at\/content\/index.php?rest_route=%2Fwp%2Fv2%2Fcomments&post=3234"}],"version-history":[{"count":19,"href":"https:\/\/www.wagnerverlag.at\/content\/index.php?rest_route=\/wp\/v2\/posts\/3234\/revisions"}],"predecessor-version":[{"id":3947,"href":"https:\/\/www.wagnerverlag.at\/content\/index.php?rest_route=\/wp\/v2\/posts\/3234\/revisions\/3947"}],"wp:featuredmedia":[{"embeddable":true,"href":"https:\/\/www.wagnerverlag.at\/content\/index.php?rest_route=\/wp\/v2\/media\/3239"}],"wp:attachment":[{"href":"https:\/\/www.wagnerverlag.at\/content\/index.php?rest_route=%2Fwp%2Fv2%2Fmedia&parent=3234"}],"wp:term":[{"taxonomy":"category","embeddable":true,"href":"https:\/\/www.wagnerverlag.at\/content\/index.php?rest_route=%2Fwp%2Fv2%2Fcategories&post=3234"},{"taxonomy":"post_tag","embeddable":true,"href":"https:\/\/www.wagnerverlag.at\/content\/index.php?rest_route=%2Fwp%2Fv2%2Ftags&post=3234"}],"curies":[{"name":"wp","href":"https:\/\/api.w.org\/{rel}","templated":true}]}}